{"id":767,"date":"2024-12-20T12:17:03","date_gmt":"2024-12-20T17:17:03","guid":{"rendered":"https:\/\/ifls.com.co\/2024\/?p=767"},"modified":"2024-12-20T12:17:04","modified_gmt":"2024-12-20T17:17:04","slug":"iflseici-la-principal-plataforma-comercial-del-sector-del-cuero-y-calzado-anuncia-su-realizacion","status":"publish","type":"post","link":"https:\/\/ifls.com.co\/2024\/iflseici-la-principal-plataforma-comercial-del-sector-del-cuero-y-calzado-anuncia-su-realizacion\/","title":{"rendered":"IFLS+EICI LA PRINCIPAL PLATAFORMA COMERCIAL DEL SECTOR DEL CUERO Y CALZADO ANUNCIA\u00a0SU\u00a0REALIZACI\u00d3N"},"content":{"rendered":"\n<ul class=\"wp-block-list\">\n<li><em>IFLS + EICI se desarrollar\u00e1 del 4 al 7 de febrero de 2025 en el <strong>gran sal\u00f3n de Corferias Bogot\u00e1.<\/strong><\/em><\/li>\n\n\n\n<li><em>Encuentro con los <strong>negocios, las tendencias, la moda y la innovaci\u00f3n<\/strong>.<\/em><\/li>\n\n\n\n<li><em>Gran vinculaci\u00f3n de empresas a la muestra comercial por el optimismo de cara al 2025.<\/em><\/li>\n<\/ul>\n\n\n\n<p><strong>Bogot\u00e1 D.C., diciembre de 2024. <\/strong>La Asociaci\u00f3n Colombiana de Industriales del Calzado, el Cuero y sus Manufacturas \u2013 ACICAM, realizar\u00e1 la feria <strong>International Footwear &amp; Leather Show (IFLS) + Exhibici\u00f3n Internacional del Cuero e Insumos, Maquinaria y Tecnolog\u00eda (EICI), <\/strong>la cual se llevar\u00e1 a cabo del 4 al 7 de febrero de 2025 en el gran sal\u00f3n de Corferias en Bogot\u00e1.<\/p>\n\n\n\n<p>La versi\u00f3n 49 de IFLS y 31 de EICI, contar\u00e1 con expositores de pa\u00edses como Brasil, Espa\u00f1a, Italia, M\u00e9xico, Turqu\u00eda y Colombia, quienes exhibir\u00e1n lo mejor de sus productos y donde la calidad y la innovaci\u00f3n ser\u00e1n unas de las caracter\u00edsticas principales de la muestra comercial. Durante los 4 d\u00edas del evento se espera una gran asistencia de visitantes dentro de los que se encuentra compradores especializados nacionales e internacionales y representantes de las principales empresas comercializadoras de calzado y marroquiner\u00eda del pa\u00eds.<\/p>\n\n\n\n<p>Adem\u00e1s de contar con la muestra comercial, el visitante encontrar\u00e1 un \u00e1rea de moda especializada que exhibir\u00e1 las tendencias en cuanto a colores, texturas, dise\u00f1os e innovaci\u00f3n para la temporada oto\u00f1o-invierno 25\/26.<\/p>\n\n\n\n<p>IFLS + EICI se consolida como la principal plataforma comercial del sector calzado en la regi\u00f3n Andina, en la cual fabricantes, compradores, dise\u00f1adores, proveedores de insumos, maquinaria, tecnolog\u00eda, servicios y componentes se re\u00fanen entorno a los negocios, la innovaci\u00f3n, las tendencias y la moda en el sector.<\/p>\n\n\n\n<p>Seg\u00fan cifras del DANE las exportaciones de calzado entre enero y septiembre de 2024 ascendieron a 26,9 millones de d\u00f3lares, siendo Estados Unidos, Ecuador y Costa Rica los principales destinos.<\/p>\n\n\n\n<p>Por su parte, las ventas externas de marroquiner\u00eda contabilizaron 32,9 millones de d\u00f3lares con Estados Unidos, M\u00e9xico y Per\u00fa como los principales socios comerciales.<\/p>\n\n\n\n<p>En cuanto al consumo interno, seg\u00fan cifras aportadas por el observatorio de calzado y marroquiner\u00eda ACICAM-RADDAR, los hogares colombianos entre enero y octubre gastaron 3 billones de pesos en calzado. Bogot\u00e1, Medell\u00edn, Cali y Barranquilla fueron las ciudades que mayor gasto registraron.<\/p>\n\n\n\n<p>En marroquiner\u00eda el observatorio estima que los colombianos gastaron 316.700 millones de pesos, principalmente en morrales, bolsos para dama, billeteras y cinturones.<\/p>\n\n\n\n<p>Aunque ha sido un a\u00f1o de grandes retos, el \u00faltimo trimestre del a\u00f1o muestra signos de recuperaci\u00f3n al proyectar una ca\u00edda m\u00e1s leve respecto a los primeros trimestres. Factores como la reducci\u00f3n de la tasa de inter\u00e9s y la temporada de fin de a\u00f1o generan optimismo en el sector.<\/p>\n\n\n\n<p class=\"has-text-align-left\">\u00abLos empresarios de la industria del cuero y el calzado tienen grandes expectativas de recuperaci\u00f3n para el a\u00f1o 2025 y es por eso que se est\u00e1n vinculando en gran n\u00famero a esta versi\u00f3n de IFLS + EICI. Esperamos ver una gran din\u00e1mica comercial en la feria y que esta vitrina sea la que impulse los pedidos del sector. As\u00ed que invitamos a todos los actores de la cadena a participar de este gran evento.\u201d Afirm\u00f3 Willian Parrado Vicepresidente Ejecutivo de ACICAM.<\/p>\n\n\n\n<figure class=\"wp-block-image size-large\"><img loading=\"lazy\" decoding=\"async\" width=\"1024\" height=\"682\" src=\"https:\/\/ifls.com.co\/2024\/wp-content\/uploads\/2024\/12\/Recurso-1@2x-100-1024x682.webp\" alt=\"\" class=\"wp-image-768\" srcset=\"https:\/\/ifls.com.co\/2024\/wp-content\/uploads\/2024\/12\/Recurso-1@2x-100-980x653.webp 980w, https:\/\/ifls.com.co\/2024\/wp-content\/uploads\/2024\/12\/Recurso-1@2x-100-480x320.webp 480w\" sizes=\"auto, (min-width: 0px) and (max-width: 480px) 480px, (min-width: 481px) and (max-width: 980px) 980px, (min-width: 981px) 1024px, 100vw\" \/><\/figure>\n","protected":false},"excerpt":{"rendered":"<p>Bogot\u00e1 D.C., diciembre de 2024. La Asociaci\u00f3n Colombiana de Industriales del Calzado, el Cuero y sus Manufacturas \u2013 ACICAM, realizar\u00e1 la feria International Footwear &amp; Leather Show (IFLS) + Exhibici\u00f3n Internacional del Cuero e Insumos, Maquinaria y Tecnolog\u00eda (EICI), la cual se llevar\u00e1 a cabo del 4 al 7 de febrero de 2025 en el [&hellip;]<\/p>\n","protected":false},"author":2,"featured_media":0,"comment_status":"closed","ping_status":"closed","sticky":false,"template":"","format":"standard","meta":{"_et_pb_use_builder":"","_et_pb_old_content":"","_et_gb_content_width":"","footnotes":""},"categories":[1],"tags":[],"class_list":["post-767","post","type-post","status-publish","format-standard","hentry","category-na"],"_links":{"self":[{"href":"https:\/\/ifls.com.co\/2024\/wp-json\/wp\/v2\/posts\/767","targetHints":{"allow":["GET"]}}],"collection":[{"href":"https:\/\/ifls.com.co\/2024\/wp-json\/wp\/v2\/posts"}],"about":[{"href":"https:\/\/ifls.com.co\/2024\/wp-json\/wp\/v2\/types\/post"}],"author":[{"embeddable":true,"href":"https:\/\/ifls.com.co\/2024\/wp-json\/wp\/v2\/users\/2"}],"replies":[{"embeddable":true,"href":"https:\/\/ifls.com.co\/2024\/wp-json\/wp\/v2\/comments?post=767"}],"version-history":[{"count":1,"href":"https:\/\/ifls.com.co\/2024\/wp-json\/wp\/v2\/posts\/767\/revisions"}],"predecessor-version":[{"id":769,"href":"https:\/\/ifls.com.co\/2024\/wp-json\/wp\/v2\/posts\/767\/revisions\/769"}],"wp:attachment":[{"href":"https:\/\/ifls.com.co\/2024\/wp-json\/wp\/v2\/media?parent=767"}],"wp:term":[{"taxonomy":"category","embeddable":true,"href":"https:\/\/ifls.com.co\/2024\/wp-json\/wp\/v2\/categories?post=767"},{"taxonomy":"post_tag","embeddable":true,"href":"https:\/\/ifls.com.co\/2024\/wp-json\/wp\/v2\/tags?post=767"}],"curies":[{"name":"wp","href":"https:\/\/api.w.org\/{rel}","templated":true}]}}