{"id":1216,"date":"2025-02-19T10:01:26","date_gmt":"2025-02-19T15:01:26","guid":{"rendered":"https:\/\/ifls.com.co\/2024\/?p=1216"},"modified":"2025-02-19T11:09:54","modified_gmt":"2025-02-19T16:09:54","slug":"la-plataforma-comercial-mas-importante-de-la-region-andina-en-torno-al-calzado-cuero-insumos-y-maquinaria-iflseici-impulso-a-la-industria-colombiana-con-mas-de-122-millones-de-dolares-en-negocios","status":"publish","type":"post","link":"https:\/\/ifls.com.co\/2024\/la-plataforma-comercial-mas-importante-de-la-region-andina-en-torno-al-calzado-cuero-insumos-y-maquinaria-iflseici-impulso-a-la-industria-colombiana-con-mas-de-122-millones-de-dolares-en-negocios\/","title":{"rendered":"LA PLATAFORMA COMERCIAL M\u00c1S IMPORTANTE DE LA REGI\u00d3N ANDINA EN TORNO AL CALZADO, CUERO, INSUMOS Y MAQUINARIA IFLS+EICI, IMPULS\u00d3 A LA INDUSTRIA COLOMBIANA CON M\u00c1S DE 12,2 MILLONES DE D\u00d3LARES EN NEGOCIOS."},"content":{"rendered":"<p>[et_pb_section admin_label=\u00bbsection\u00bb]<br \/>\n\t\t\t[et_pb_row admin_label=\u00bbrow\u00bb]<br \/>\n\t\t\t\t[et_pb_column type=\u00bb4_4&#8243;][et_pb_text admin_label=\u00bbText\u00bb]<\/p>\n\n\n<ul class=\"wp-block-list\">\n<li><em>Con la participaci\u00f3n de 10,027 visitantes, entre ellos compradores de diferentes partes del mundo; esta plataforma comercial se consolid\u00f3 como la principal vitrina para el sector de la moda en calzado en Am\u00e9rica Latina.<\/em><\/li>\n<\/ul>\n\n\n\n<ul class=\"wp-block-list\">\n<li><em>Durante este evento, realizado del 4 al 7 de febrero en el Gran Sal\u00f3n de Corferias 430 expositores presentaron sus m\u00e1s recientes colecciones, lo que result\u00f3 en una significativa cifra de negocios, alcanzando los 12.2 millones de d\u00f3lares.<\/em><\/li>\n<\/ul>\n\n\n\n<figure class=\"wp-block-image size-large\"><img loading=\"lazy\" decoding=\"async\" width=\"1024\" height=\"684\" src=\"https:\/\/ifls.com.co\/2024\/wp-content\/uploads\/2025\/02\/Entrada-PW-1024x684.webp\" alt=\"\" class=\"wp-image-1217\" srcset=\"https:\/\/ifls.com.co\/2024\/wp-content\/uploads\/2025\/02\/Entrada-PW-1024x684.webp 1024w, https:\/\/ifls.com.co\/2024\/wp-content\/uploads\/2025\/02\/Entrada-PW-980x654.webp 980w, https:\/\/ifls.com.co\/2024\/wp-content\/uploads\/2025\/02\/Entrada-PW-480x320.webp 480w\" sizes=\"auto, (min-width: 0px) and (max-width: 480px) 480px, (min-width: 481px) and (max-width: 980px) 980px, (min-width: 981px) 1024px, 100vw\" \/><\/figure>\n\n\n\n<p><\/p>\n\n\n\n<p><strong>Bogot\u00e1, febrero de 2025.<\/strong> La versi\u00f3n 49 de la International Footwear &amp; Leather Show (IFLS) y la edici\u00f3n 31 de la Exhibici\u00f3n Internacional del Cuero, Insumos, Maquinaria y Tecnolog\u00eda (EICI) cerr\u00f3 despu\u00e9s de cuatro d\u00edas de intensas actividades con excelentes resultados.<\/p>\n\n\n\n<p>Jony Mar\u00edn, expositor en la plataforma comercial coment\u00f3 \u201cParticipamos siempre junto a nuestros aliados estrat\u00e9gicos. El objetivo es compartir conocimiento y apoyar a los productores colombianos de calzado. Agradecemos a la gran respuesta de los visitantes y aprovechamos la oportunidad que nos brinda ACICAM para conectar con la industria. Los esperamos nuevamente en julio, para descubrir las novedades y tendencias que marcar\u00e1n el segundo semestre de 2025\u201d<\/p>\n\n\n\n<p>Este a\u00f1o, la IFLS + EICI se destac\u00f3 por su capacidad para atraer a visitantes profesionales del sector y fomentar el intercambio entre compradores y proveedores.&nbsp; Los expositores contaron con la oportunidad de ofertar sus productos a 633 compradores internacionales. De igual forma, ACICAM promueve la innovaci\u00f3n dentro de la industria y orienta la br\u00fajula de tendencias mediante las diversas conferencias y actividades acad\u00e9micas que complementan la experiencia de negocio.<\/p>\n\n\n\n<p>\u201cEstamos agradecidos con todos los que hicieron posible este evento, que refleja el compromiso del sector con la creatividad, la sostenibilidad y la evoluci\u00f3n de la industria\u201d, coment\u00f3 Marcela Caicedo, Presidenta Ejecutiva de ACICAM.<\/p>\n\n\n\n<p>La Asociaci\u00f3n Colombiana de Industriales del Calzado, el Cuero y sus Manufacturas, ya prepara la segunda versi\u00f3n de la plataforma para julio, dirigida a quienes busquen abastecerse con miras al segundo semestre.&nbsp; Se prev\u00e9 que para la segunda versi\u00f3n de 2025 hagan presencia grandes firmas de maquinaria y proveedur\u00eda. IFLS+EICI ofrece un espacio \u00fanico para ampliar la red de negocios, generar alianzas y la transferencia de conocimientos como una pieza angular para el desarrollo de la industria. La interacci\u00f3n entre los diferentes actores del mercado contin\u00faa impulsando el crecimiento y la proyecci\u00f3n internacional de la industria, posicionando a Colombia como un referente clave en el mercado global del calzado y la marroquiner\u00eda. Este escenario se mantiene vigente como una plataforma esencial para todos los involucrados e impulsa a la industria colombiana a traspasar fronteras.<\/p>\n\n\n\n<figure class=\"wp-block-gallery has-nested-images columns-default is-cropped wp-block-gallery-1 is-layout-flex wp-block-gallery-is-layout-flex\">\n<figure class=\"wp-block-image size-large\"><img loading=\"lazy\" decoding=\"async\" width=\"1024\" height=\"683\" data-id=\"1222\" src=\"https:\/\/ifls.com.co\/2024\/wp-content\/uploads\/2025\/02\/ZAR05204-1024x683.webp\" alt=\"\" class=\"wp-image-1222\" srcset=\"https:\/\/ifls.com.co\/2024\/wp-content\/uploads\/2025\/02\/ZAR05204-1024x683.webp 1024w, https:\/\/ifls.com.co\/2024\/wp-content\/uploads\/2025\/02\/ZAR05204-980x653.webp 980w, https:\/\/ifls.com.co\/2024\/wp-content\/uploads\/2025\/02\/ZAR05204-480x320.webp 480w\" sizes=\"auto, (min-width: 0px) and (max-width: 480px) 480px, (min-width: 481px) and (max-width: 980px) 980px, (min-width: 981px) 1024px, 100vw\" \/><\/figure>\n\n\n\n<figure class=\"wp-block-image size-large\"><img loading=\"lazy\" decoding=\"async\" width=\"1024\" height=\"681\" data-id=\"1229\" src=\"https:\/\/ifls.com.co\/2024\/wp-content\/uploads\/2025\/02\/CUR1419-1024x681.webp\" alt=\"\" class=\"wp-image-1229\" srcset=\"https:\/\/ifls.com.co\/2024\/wp-content\/uploads\/2025\/02\/CUR1419-1024x681.webp 1024w, https:\/\/ifls.com.co\/2024\/wp-content\/uploads\/2025\/02\/CUR1419-980x652.webp 980w, https:\/\/ifls.com.co\/2024\/wp-content\/uploads\/2025\/02\/CUR1419-480x319.webp 480w\" sizes=\"auto, (min-width: 0px) and (max-width: 480px) 480px, (min-width: 481px) and (max-width: 980px) 980px, (min-width: 981px) 1024px, 100vw\" \/><\/figure>\n\n\n\n<figure class=\"wp-block-image size-large\"><img loading=\"lazy\" decoding=\"async\" width=\"1024\" height=\"683\" data-id=\"1218\" src=\"https:\/\/ifls.com.co\/2024\/wp-content\/uploads\/2025\/02\/ZAR05187-1024x683.webp\" alt=\"\" class=\"wp-image-1218\" srcset=\"https:\/\/ifls.com.co\/2024\/wp-content\/uploads\/2025\/02\/ZAR05187-1024x683.webp 1024w, https:\/\/ifls.com.co\/2024\/wp-content\/uploads\/2025\/02\/ZAR05187-980x653.webp 980w, https:\/\/ifls.com.co\/2024\/wp-content\/uploads\/2025\/02\/ZAR05187-480x320.webp 480w\" sizes=\"auto, (min-width: 0px) and (max-width: 480px) 480px, (min-width: 481px) and (max-width: 980px) 980px, (min-width: 981px) 1024px, 100vw\" \/><\/figure>\n\n\n\n<figure class=\"wp-block-image size-large\"><img loading=\"lazy\" decoding=\"async\" width=\"1024\" height=\"683\" data-id=\"1225\" src=\"https:\/\/ifls.com.co\/2024\/wp-content\/uploads\/2025\/02\/ZAR05218-1024x683.webp\" alt=\"\" class=\"wp-image-1225\" srcset=\"https:\/\/ifls.com.co\/2024\/wp-content\/uploads\/2025\/02\/ZAR05218-1024x683.webp 1024w, https:\/\/ifls.com.co\/2024\/wp-content\/uploads\/2025\/02\/ZAR05218-980x653.webp 980w, https:\/\/ifls.com.co\/2024\/wp-content\/uploads\/2025\/02\/ZAR05218-480x320.webp 480w\" sizes=\"auto, (min-width: 0px) and (max-width: 480px) 480px, (min-width: 481px) and (max-width: 980px) 980px, (min-width: 981px) 1024px, 100vw\" \/><\/figure>\n\n\n\n<figure class=\"wp-block-image size-large\"><img loading=\"lazy\" decoding=\"async\" width=\"1024\" height=\"681\" data-id=\"1227\" src=\"https:\/\/ifls.com.co\/2024\/wp-content\/uploads\/2025\/02\/CUR1498-1024x681.webp\" alt=\"\" class=\"wp-image-1227\" srcset=\"https:\/\/ifls.com.co\/2024\/wp-content\/uploads\/2025\/02\/CUR1498-1024x681.webp 1024w, https:\/\/ifls.com.co\/2024\/wp-content\/uploads\/2025\/02\/CUR1498-980x652.webp 980w, https:\/\/ifls.com.co\/2024\/wp-content\/uploads\/2025\/02\/CUR1498-480x319.webp 480w\" sizes=\"auto, (min-width: 0px) and (max-width: 480px) 480px, (min-width: 481px) and (max-width: 980px) 980px, (min-width: 981px) 1024px, 100vw\" \/><\/figure>\n\n\n\n<figure class=\"wp-block-image size-large\"><img loading=\"lazy\" decoding=\"async\" width=\"1024\" height=\"684\" data-id=\"1223\" src=\"https:\/\/ifls.com.co\/2024\/wp-content\/uploads\/2025\/02\/DSC8055-1024x684.webp\" alt=\"\" class=\"wp-image-1223\" srcset=\"https:\/\/ifls.com.co\/2024\/wp-content\/uploads\/2025\/02\/DSC8055-1024x684.webp 1024w, https:\/\/ifls.com.co\/2024\/wp-content\/uploads\/2025\/02\/DSC8055-980x654.webp 980w, https:\/\/ifls.com.co\/2024\/wp-content\/uploads\/2025\/02\/DSC8055-480x320.webp 480w\" sizes=\"auto, (min-width: 0px) and (max-width: 480px) 480px, (min-width: 481px) and (max-width: 980px) 980px, (min-width: 981px) 1024px, 100vw\" \/><\/figure>\n\n\n\n<figure class=\"wp-block-image size-large\"><img loading=\"lazy\" decoding=\"async\" width=\"1024\" height=\"684\" data-id=\"1219\" src=\"https:\/\/ifls.com.co\/2024\/wp-content\/uploads\/2025\/02\/DSC9037-1024x684.webp\" alt=\"\" class=\"wp-image-1219\" srcset=\"https:\/\/ifls.com.co\/2024\/wp-content\/uploads\/2025\/02\/DSC9037-1024x684.webp 1024w, https:\/\/ifls.com.co\/2024\/wp-content\/uploads\/2025\/02\/DSC9037-980x654.webp 980w, https:\/\/ifls.com.co\/2024\/wp-content\/uploads\/2025\/02\/DSC9037-480x320.webp 480w\" sizes=\"auto, (min-width: 0px) and (max-width: 480px) 480px, (min-width: 481px) and (max-width: 980px) 980px, (min-width: 981px) 1024px, 100vw\" \/><\/figure>\n\n\n\n<figure class=\"wp-block-image size-large\"><img loading=\"lazy\" decoding=\"async\" width=\"1024\" height=\"683\" data-id=\"1224\" src=\"https:\/\/ifls.com.co\/2024\/wp-content\/uploads\/2025\/02\/ZAR05295-1024x683.webp\" alt=\"\" class=\"wp-image-1224\" srcset=\"https:\/\/ifls.com.co\/2024\/wp-content\/uploads\/2025\/02\/ZAR05295-1024x683.webp 1024w, https:\/\/ifls.com.co\/2024\/wp-content\/uploads\/2025\/02\/ZAR05295-980x653.webp 980w, https:\/\/ifls.com.co\/2024\/wp-content\/uploads\/2025\/02\/ZAR05295-480x320.webp 480w\" sizes=\"auto, (min-width: 0px) and (max-width: 480px) 480px, (min-width: 481px) and (max-width: 980px) 980px, (min-width: 981px) 1024px, 100vw\" \/><\/figure>\n\n\n\n<figure class=\"wp-block-image size-large\"><img loading=\"lazy\" decoding=\"async\" width=\"1024\" height=\"683\" data-id=\"1220\" src=\"https:\/\/ifls.com.co\/2024\/wp-content\/uploads\/2025\/02\/ZAR05398-1024x683.webp\" alt=\"\" class=\"wp-image-1220\" srcset=\"https:\/\/ifls.com.co\/2024\/wp-content\/uploads\/2025\/02\/ZAR05398-1024x683.webp 1024w, https:\/\/ifls.com.co\/2024\/wp-content\/uploads\/2025\/02\/ZAR05398-980x653.webp 980w, https:\/\/ifls.com.co\/2024\/wp-content\/uploads\/2025\/02\/ZAR05398-480x320.webp 480w\" sizes=\"auto, (min-width: 0px) and (max-width: 480px) 480px, (min-width: 481px) and (max-width: 980px) 980px, (min-width: 981px) 1024px, 100vw\" \/><\/figure>\n\n\n\n<figure class=\"wp-block-image size-large\"><img loading=\"lazy\" decoding=\"async\" width=\"1024\" height=\"683\" data-id=\"1226\" src=\"https:\/\/ifls.com.co\/2024\/wp-content\/uploads\/2025\/02\/ZAR05542-1024x683.webp\" alt=\"\" class=\"wp-image-1226\" srcset=\"https:\/\/ifls.com.co\/2024\/wp-content\/uploads\/2025\/02\/ZAR05542-1024x683.webp 1024w, https:\/\/ifls.com.co\/2024\/wp-content\/uploads\/2025\/02\/ZAR05542-980x653.webp 980w, https:\/\/ifls.com.co\/2024\/wp-content\/uploads\/2025\/02\/ZAR05542-480x320.webp 480w\" sizes=\"auto, (min-width: 0px) and (max-width: 480px) 480px, (min-width: 481px) and (max-width: 980px) 980px, (min-width: 981px) 1024px, 100vw\" \/><\/figure>\n\n\n\n<figure class=\"wp-block-image size-large\"><img loading=\"lazy\" decoding=\"async\" width=\"1024\" height=\"683\" data-id=\"1228\" src=\"https:\/\/ifls.com.co\/2024\/wp-content\/uploads\/2025\/02\/ZAR05130-1024x683.webp\" alt=\"\" class=\"wp-image-1228\" srcset=\"https:\/\/ifls.com.co\/2024\/wp-content\/uploads\/2025\/02\/ZAR05130-1024x683.webp 1024w, https:\/\/ifls.com.co\/2024\/wp-content\/uploads\/2025\/02\/ZAR05130-980x653.webp 980w, https:\/\/ifls.com.co\/2024\/wp-content\/uploads\/2025\/02\/ZAR05130-480x320.webp 480w\" sizes=\"auto, (min-width: 0px) and (max-width: 480px) 480px, (min-width: 481px) and (max-width: 980px) 980px, (min-width: 981px) 1024px, 100vw\" \/><\/figure>\n\n\n\n<figure class=\"wp-block-image size-large\"><img loading=\"lazy\" decoding=\"async\" width=\"1024\" height=\"683\" data-id=\"1221\" src=\"https:\/\/ifls.com.co\/2024\/wp-content\/uploads\/2025\/02\/GUS0168-1024x683.webp\" alt=\"\" class=\"wp-image-1221\" srcset=\"https:\/\/ifls.com.co\/2024\/wp-content\/uploads\/2025\/02\/GUS0168-1024x683.webp 1024w, https:\/\/ifls.com.co\/2024\/wp-content\/uploads\/2025\/02\/GUS0168-980x653.webp 980w, https:\/\/ifls.com.co\/2024\/wp-content\/uploads\/2025\/02\/GUS0168-480x320.webp 480w\" sizes=\"auto, (min-width: 0px) and (max-width: 480px) 480px, (min-width: 481px) and (max-width: 980px) 980px, (min-width: 981px) 1024px, 100vw\" \/><\/figure>\n<\/figure>\n\n\n\n<p><\/p>\n\n\n<p>[\/et_pb_text][\/et_pb_column]<br \/>\n\t\t\t[\/et_pb_row]<br \/>\n\t\t[\/et_pb_section]<\/p>","protected":false},"excerpt":{"rendered":"<p>[et_pb_section admin_label=\u00bbsection\u00bb] [et_pb_row admin_label=\u00bbrow\u00bb] [et_pb_column type=\u00bb4_4&#8243;][et_pb_text admin_label=\u00bbText\u00bb] Bogot\u00e1, febrero de 2025. La versi\u00f3n 49 de la International Footwear &amp; Leather Show (IFLS) y la edici\u00f3n 31 de la Exhibici\u00f3n Internacional del Cuero, Insumos, Maquinaria y Tecnolog\u00eda (EICI) cerr\u00f3 despu\u00e9s de cuatro d\u00edas de intensas actividades con excelentes resultados. Jony Mar\u00edn, expositor en la plataforma comercial [&hellip;]<\/p>\n","protected":false},"author":2,"featured_media":0,"comment_status":"closed","ping_status":"closed","sticky":false,"template":"","format":"standard","meta":{"_et_pb_use_builder":"on","_et_pb_old_content":"<!-- wp:list -->\n<ul class=\"wp-block-list\"><!-- wp:list-item -->\n<li><em>Con la participaci\u00f3n de 10,027 visitantes, entre ellos compradores de diferentes partes del mundo; esta plataforma comercial se consolid\u00f3 como la principal vitrina para el sector de la moda en calzado en Am\u00e9rica Latina.<\/em><\/li>\n<!-- \/wp:list-item --><\/ul>\n<!-- \/wp:list -->\n\n<!-- wp:list -->\n<ul class=\"wp-block-list\"><!-- wp:list-item -->\n<li><em>Durante este evento, realizado del 4 al 7 de febrero en el Gran Sal\u00f3n de Corferias 430 expositores presentaron sus m\u00e1s recientes colecciones, lo que result\u00f3 en una significativa cifra de negocios, alcanzando los 12.2 millones de d\u00f3lares.<\/em><\/li>\n<!-- \/wp:list-item --><\/ul>\n<!-- \/wp:list -->\n\n<!-- wp:image {\"id\":1217,\"sizeSlug\":\"large\",\"linkDestination\":\"none\"} -->\n<figure class=\"wp-block-image size-large\"><img src=\"https:\/\/ifls.com.co\/2024\/wp-content\/uploads\/2025\/02\/Entrada-PW-1024x684.jpg\" alt=\"\" class=\"wp-image-1217\"\/><\/figure>\n<!-- \/wp:image -->\n\n<!-- wp:paragraph -->\n<p><strong>Bogot\u00e1, febrero de 2025.<\/strong> La versi\u00f3n 49 de la International Footwear &amp; Leather Show (IFLS) y la edici\u00f3n 31 de la Exhibici\u00f3n Internacional del Cuero, Insumos, Maquinaria y Tecnolog\u00eda (EICI) cerr\u00f3 despu\u00e9s de cuatro d\u00edas de intensas actividades con excelentes resultados.<\/p>\n<!-- \/wp:paragraph -->\n\n<!-- wp:paragraph -->\n<p>Jony Mar\u00edn, expositor en la plataforma comercial coment\u00f3 \u201cParticipamos siempre junto a nuestros aliados estrat\u00e9gicos. El objetivo es compartir conocimiento y apoyar a los productores colombianos de calzado. Agradecemos a la gran respuesta de los visitantes y aprovechamos la oportunidad que nos brinda ACICAM para conectar con la industria. Los esperamos nuevamente en julio, para descubrir las novedades y tendencias que marcar\u00e1n el segundo semestre de 2025\u201d<\/p>\n<!-- \/wp:paragraph -->\n\n<!-- wp:paragraph -->\n<p>Este a\u00f1o, la IFLS + EICI se destac\u00f3 por su capacidad para atraer a visitantes profesionales del sector y fomentar el intercambio entre compradores y proveedores.&nbsp; Los expositores contaron con la oportunidad de ofertar sus productos a 633 compradores internacionales. De igual forma, ACICAM promueve la innovaci\u00f3n dentro de la industria y orienta la br\u00fajula de tendencias mediante las diversas conferencias y actividades acad\u00e9micas que complementan la experiencia de negocio.<\/p>\n<!-- \/wp:paragraph -->\n\n<!-- wp:paragraph -->\n<p>\u201cEstamos agradecidos con todos los que hicieron posible este evento, que refleja el compromiso del sector con la creatividad, la sostenibilidad y la evoluci\u00f3n de la industria\u201d, coment\u00f3 Marcela Caicedo, Presidenta Ejecutiva de ACICAM.<\/p>\n<!-- \/wp:paragraph -->\n\n<!-- wp:paragraph -->\n<p>La Asociaci\u00f3n Colombiana de Industriales del Calzado, el Cuero y sus Manufacturas, ya prepara la segunda versi\u00f3n de la plataforma para julio, dirigida a quienes busquen abastecerse con miras al segundo semestre.&nbsp; Se prev\u00e9 que para la segunda versi\u00f3n de 2025 hagan presencia grandes firmas de maquinaria y proveedur\u00eda. IFLS+EICI ofrece un espacio \u00fanico para ampliar la red de negocios, generar alianzas y la transferencia de conocimientos como una pieza angular para el desarrollo de la industria. La interacci\u00f3n entre los diferentes actores del mercado contin\u00faa impulsando el crecimiento y la proyecci\u00f3n internacional de la industria, posicionando a Colombia como un referente clave en el mercado global del calzado y la marroquiner\u00eda. Este escenario se mantiene vigente como una plataforma esencial para todos los involucrados e impulsa a la industria colombiana a traspasar fronteras.<\/p>\n<!-- \/wp:paragraph -->\n\n<!-- wp:gallery {\"linkTo\":\"none\"} -->\n<figure class=\"wp-block-gallery has-nested-images columns-default is-cropped\"><!-- wp:image {\"id\":1222,\"sizeSlug\":\"large\",\"linkDestination\":\"none\"} -->\n<figure class=\"wp-block-image size-large\"><img src=\"https:\/\/ifls.com.co\/2024\/wp-content\/uploads\/2025\/02\/ZAR05204-1024x683.jpg\" alt=\"\" class=\"wp-image-1222\"\/><\/figure>\n<!-- \/wp:image -->\n\n<!-- wp:image {\"id\":1229,\"sizeSlug\":\"large\",\"linkDestination\":\"none\"} -->\n<figure class=\"wp-block-image size-large\"><img src=\"https:\/\/ifls.com.co\/2024\/wp-content\/uploads\/2025\/02\/CUR1419-1024x681.jpg\" alt=\"\" class=\"wp-image-1229\"\/><\/figure>\n<!-- \/wp:image -->\n\n<!-- wp:image {\"id\":1218,\"sizeSlug\":\"large\",\"linkDestination\":\"none\"} -->\n<figure class=\"wp-block-image size-large\"><img src=\"https:\/\/ifls.com.co\/2024\/wp-content\/uploads\/2025\/02\/ZAR05187-1024x683.jpg\" alt=\"\" class=\"wp-image-1218\"\/><\/figure>\n<!-- \/wp:image -->\n\n<!-- wp:image {\"id\":1225,\"sizeSlug\":\"large\",\"linkDestination\":\"none\"} -->\n<figure class=\"wp-block-image size-large\"><img src=\"https:\/\/ifls.com.co\/2024\/wp-content\/uploads\/2025\/02\/ZAR05218-1024x683.jpg\" alt=\"\" class=\"wp-image-1225\"\/><\/figure>\n<!-- \/wp:image -->\n\n<!-- wp:image {\"id\":1227,\"sizeSlug\":\"large\",\"linkDestination\":\"none\"} -->\n<figure class=\"wp-block-image size-large\"><img src=\"https:\/\/ifls.com.co\/2024\/wp-content\/uploads\/2025\/02\/CUR1498-1024x681.jpg\" alt=\"\" class=\"wp-image-1227\"\/><\/figure>\n<!-- \/wp:image -->\n\n<!-- wp:image {\"id\":1223,\"sizeSlug\":\"large\",\"linkDestination\":\"none\"} -->\n<figure class=\"wp-block-image size-large\"><img src=\"https:\/\/ifls.com.co\/2024\/wp-content\/uploads\/2025\/02\/DSC8055-1024x684.jpg\" alt=\"\" class=\"wp-image-1223\"\/><\/figure>\n<!-- \/wp:image -->\n\n<!-- wp:image {\"id\":1219,\"sizeSlug\":\"large\",\"linkDestination\":\"none\"} -->\n<figure class=\"wp-block-image size-large\"><img src=\"https:\/\/ifls.com.co\/2024\/wp-content\/uploads\/2025\/02\/DSC9037-1024x684.jpg\" alt=\"\" class=\"wp-image-1219\"\/><\/figure>\n<!-- \/wp:image -->\n\n<!-- wp:image {\"id\":1224,\"sizeSlug\":\"large\",\"linkDestination\":\"none\"} -->\n<figure class=\"wp-block-image size-large\"><img src=\"https:\/\/ifls.com.co\/2024\/wp-content\/uploads\/2025\/02\/ZAR05295-1024x683.jpg\" alt=\"\" class=\"wp-image-1224\"\/><\/figure>\n<!-- \/wp:image -->\n\n<!-- wp:image {\"id\":1220,\"sizeSlug\":\"large\",\"linkDestination\":\"none\"} -->\n<figure class=\"wp-block-image size-large\"><img src=\"https:\/\/ifls.com.co\/2024\/wp-content\/uploads\/2025\/02\/ZAR05398-1024x683.jpg\" alt=\"\" class=\"wp-image-1220\"\/><\/figure>\n<!-- \/wp:image -->\n\n<!-- wp:image {\"id\":1226,\"sizeSlug\":\"large\",\"linkDestination\":\"none\"} -->\n<figure class=\"wp-block-image size-large\"><img src=\"https:\/\/ifls.com.co\/2024\/wp-content\/uploads\/2025\/02\/ZAR05542-1024x683.jpg\" alt=\"\" class=\"wp-image-1226\"\/><\/figure>\n<!-- \/wp:image -->\n\n<!-- wp:image {\"id\":1228,\"sizeSlug\":\"large\",\"linkDestination\":\"none\"} -->\n<figure class=\"wp-block-image size-large\"><img src=\"https:\/\/ifls.com.co\/2024\/wp-content\/uploads\/2025\/02\/ZAR05130-1024x683.jpg\" alt=\"\" class=\"wp-image-1228\"\/><\/figure>\n<!-- \/wp:image -->\n\n<!-- wp:image {\"id\":1221,\"sizeSlug\":\"large\",\"linkDestination\":\"none\"} -->\n<figure class=\"wp-block-image size-large\"><img src=\"https:\/\/ifls.com.co\/2024\/wp-content\/uploads\/2025\/02\/GUS0168-1024x683.jpg\" alt=\"\" class=\"wp-image-1221\"\/><\/figure>\n<!-- \/wp:image --><\/figure>\n<!-- \/wp:gallery -->\n\n<!-- wp:paragraph -->\n<p><\/p>\n<!-- \/wp:paragraph -->","_et_gb_content_width":"","footnotes":""},"categories":[11],"tags":[16,15,21,20,18,22,17,19,23,24],"class_list":["post-1216","post","type-post","status-publish","format-standard","hentry","category-feria","tag-acicam","tag-calzado","tag-colombiana","tag-industria","tag-insumos","tag-maquinaria","tag-marroquineria","tag-peleteria","tag-plataforma-comercial","tag-region-andna"],"_links":{"self":[{"href":"https:\/\/ifls.com.co\/2024\/wp-json\/wp\/v2\/posts\/1216","targetHints":{"allow":["GET"]}}],"collection":[{"href":"https:\/\/ifls.com.co\/2024\/wp-json\/wp\/v2\/posts"}],"about":[{"href":"https:\/\/ifls.com.co\/2024\/wp-json\/wp\/v2\/types\/post"}],"author":[{"embeddable":true,"href":"https:\/\/ifls.com.co\/2024\/wp-json\/wp\/v2\/users\/2"}],"replies":[{"embeddable":true,"href":"https:\/\/ifls.com.co\/2024\/wp-json\/wp\/v2\/comments?post=1216"}],"version-history":[{"count":3,"href":"https:\/\/ifls.com.co\/2024\/wp-json\/wp\/v2\/posts\/1216\/revisions"}],"predecessor-version":[{"id":1232,"href":"https:\/\/ifls.com.co\/2024\/wp-json\/wp\/v2\/posts\/1216\/revisions\/1232"}],"wp:attachment":[{"href":"https:\/\/ifls.com.co\/2024\/wp-json\/wp\/v2\/media?parent=1216"}],"wp:term":[{"taxonomy":"category","embeddable":true,"href":"https:\/\/ifls.com.co\/2024\/wp-json\/wp\/v2\/categories?post=1216"},{"taxonomy":"post_tag","embeddable":true,"href":"https:\/\/ifls.com.co\/2024\/wp-json\/wp\/v2\/tags?post=1216"}],"curies":[{"name":"wp","href":"https:\/\/api.w.org\/{rel}","templated":true}]}}